{"id":174021,"date":"2018-04-26T07:00:12","date_gmt":"2018-04-26T10:00:12","guid":{"rendered":"https:\/\/anba.com.br\/?p=174021"},"modified":"2019-06-30T18:25:45","modified_gmt":"2019-06-30T21:25:45","slug":"sao-paulo-host-moroccan-week","status":"publish","type":"post","link":"https:\/\/anba.com.br\/en\/sao-paulo-host-moroccan-week\/","title":{"rendered":"S\u00e3o Paulo to host Moroccan Week"},"content":{"rendered":"<p>S\u00e3o Paulo \u2013 From April 27 to May 2, in a bid to increase tourist numbers to Brazil, the Moroccan National Tourist Office will host the Moroccan Week, a free cultural event at the Conjunto Nacional building on S\u00e3o Paulo\u2019s Avenida Paulista.<\/p>\n<p>The six-day event will feature a number of folk cultural attractions: music and dance performances, a handicraft exhibit, art demonstrations and henna body paint, Arabic calligraphy, a mint tea ceremony and a parade showcasing the emblematic pieces of garment known as kaftans.<\/p>\n<p>The Office\u2019s director general for Portugal and Brazil, Abdellatif Achachi, will be in attendance. \u201cMorocco is strategically located between the Atlantic Ocean and the Mediterranean Sea, and this warrants it a peculiar geography, comprising valleys and mountains that come together to take tourists breaths away,\u201d a press release quoted him as saying.<\/p>\n<p>The hallways of the building set in the iconic S\u00e3o Paulo avenue will welcome Orquestra de M\u00fasica Marroquina (the Moroccan Music Orchestra), which will perform Andalusian rhythms. Attendees can sample the traditional mint tea, get henna tattoos and check out Moroccan handicraft items.<\/p>\n<p>Kaftan parades will happen on Saturday (28) and Sunday (29), at 2 pm, 5 pm and 7 pm. This traditional piece of garment symbolizes local culture. It\u2019s currently worn at major celebrations, like weddings and religious celebrations.<\/p>\n<p>The Moroccan Week opens on Friday (27). Admission is free.<\/p>\n<p><strong>Quick facts<\/strong><\/p>\n<p><strong>Moroccan Week<\/strong><br \/>\nApril 27 to May 2<br \/>\n10 am to 8 pm<br \/>\nConjunto Nacional (Avenida Paulista, 2073 \u2013 Consola\u00e7\u00e3o, S\u00e3o Paulo)<\/p>\n<p><strong>Translated by Gabriel Pomerancblum<\/strong><\/p>\n<div class=\"credits-overlay\" data-target=\".wp-image-174009\">Moroccan National Tourist Office<\/div>\n","protected":false},"excerpt":{"rendered":"<p>Folk cultural attractions will be featured at the Conjunto Nacional building, on Avenida Paulista, from April 27 to May 2.<\/p>\n","protected":false},"author":2316,"featured_media":174009,"comment_status":"open","ping_status":"open","sticky":false,"template":"","format":"standard","meta":{"_monsterinsights_skip_tracking":false,"_monsterinsights_sitenote_active":false,"_monsterinsights_sitenote_note":"","_monsterinsights_sitenote_category":0,"footnotes":""},"categories":[101],"tags":[589,2238,416,433],"class_list":{"0":"post-174021","1":"post","2":"type-post","3":"status-publish","4":"format-standard","5":"has-post-thumbnail","7":"category-tourism","8":"tag-avenida-paulista","9":"tag-conjunto-nacional","10":"tag-morocco","11":"tag-tourism"},"wps_subtitle":"Folk cultural attractions will be featured at the Conjunto Nacional building, on Avenida Paulista, from April 27 to May 2. ","_links":{"self":[{"href":"https:\/\/anba.com.br\/en\/wp-json\/wp\/v2\/posts\/174021","targetHints":{"allow":["GET"]}}],"collection":[{"href":"https:\/\/anba.com.br\/en\/wp-json\/wp\/v2\/posts"}],"about":[{"href":"https:\/\/anba.com.br\/en\/wp-json\/wp\/v2\/types\/post"}],"author":[{"embeddable":true,"href":"https:\/\/anba.com.br\/en\/wp-json\/wp\/v2\/users\/2316"}],"replies":[{"embeddable":true,"href":"https:\/\/anba.com.br\/en\/wp-json\/wp\/v2\/comments?post=174021"}],"version-history":[{"count":0,"href":"https:\/\/anba.com.br\/en\/wp-json\/wp\/v2\/posts\/174021\/revisions"}],"wp:featuredmedia":[{"embeddable":true,"href":"https:\/\/anba.com.br\/en\/wp-json\/wp\/v2\/media\/174009"}],"wp:attachment":[{"href":"https:\/\/anba.com.br\/en\/wp-json\/wp\/v2\/media?parent=174021"}],"wp:term":[{"taxonomy":"category","embeddable":true,"href":"https:\/\/anba.com.br\/en\/wp-json\/wp\/v2\/categories?post=174021"},{"taxonomy":"post_tag","embeddable":true,"href":"https:\/\/anba.com.br\/en\/wp-json\/wp\/v2\/tags?post=174021"}],"curies":[{"name":"wp","href":"https:\/\/api.w.org\/{rel}","templated":true}]}}