{"id":200657,"date":"2018-09-10T18:00:23","date_gmt":"2018-09-10T21:00:23","guid":{"rendered":"https:\/\/anba.com.br\/?p=200657"},"modified":"2018-09-11T20:09:18","modified_gmt":"2018-09-11T23:09:18","slug":"sao-paulo-to-host-islamic-solidarity-project","status":"publish","type":"post","link":"https:\/\/anba.com.br\/en\/sao-paulo-to-host-islamic-solidarity-project\/","title":{"rendered":"S\u00e3o Paulo to host Islamic Solidarity Project"},"content":{"rendered":"<p>S\u00e3o Paulo \u2013 The Vila Formosa community, in East S\u00e3o Paulo, will be the next place to host the Islamic Solidarity Project, a social action project that\u2019s been taking healthcare services, leisure activities and cosmetic procedures to many districts of the S\u00e3o Paulo metro area to vulnerable populations. The event will mark the celebrations for the nine years of CEU Formosa, on September 22, from 10 am to 3 pm, and is open to the public in general.<\/p>\n<p>Among the main healthcare services to be offered are eye, breast, hepatitis, cholesterol and high blood pressure exams. The cosmetic procedures are skin cleansing and massage. Among the play activities are the distribution of books to all age groups, including the comic book <a href=\"https:\/\/anba.com.br\/en\/kids-comic-book-features-muslim-character\/\" target=\"_blank\" rel=\"noopener\">Khalil<\/a>, which aims to demystify the religion among the young Brazilian readers through the story of a Muslim boy. The comic books bas launched at the stand of the Federation of Muslim Associations of Brazil (FAMBRAS) in the last S\u00e3o Paulo International Book Biennial. For the kids, there will also be party jumpers and face painting.<\/p>\n<p>The event will also have the performances of a capoeira group from Vila Formosa, of the Native Brazilian tribe Tenond\u00e9-Por\u00e3 (from Parelheiros district), with music and dancing, and the art of graffiti artists from the group Zuma Luma (from Embu das Artes), who will be painting at the sight a message against religious intolerance.<\/p>\n<p>The event is organized by FAMBRAS, which aims to offer the services to many communities in S\u00e3o Paulo to reach as many people as possible. The event\u2019s last edition, which took place in Guarulhos, was visited by over 10,000 people <em>(picture above)<\/em>.<\/p>\n<p>The Islamic Solidarity Project aims to defend human life and empathy and compassion for others, regardless of religion. For the project, FAMBRAS has partnered with the Mohammed Bin Rashid Al Maktoum Global Initiatives Foundation and the United Arab Emirates\u2019 embassy, plus it has the support of Col\u00e9gio 24 de Mar\u00e7o, the S\u00e3o Paulo City Hall and the regional county boards of the hosting districts.<\/p>\n<p>For further information, visit FAMBRAS\u2019 <a href=\"http:\/\/www.fambras.org.br\/\" target=\"_blank\" rel=\"noopener\">website<\/a> and <a href=\"https:\/\/www.facebook.com\/Fambras\" target=\"_blank\" rel=\"noopener\">Facebook page<\/a>.<\/p>\n<p><strong>Quick info <\/strong><\/p>\n<p>Islamic Solidarity Project \u2013 Vila Formosa<br \/>\nSeptember 22, from 10 am to 3 pm<br \/>\nRua Sargento Claudiner Evaristo Dias, 10<br \/>\nParque Santo Ant\u00f4nio \u2013 S\u00e3o Paulo<br \/>\n<a href=\"http:\/\/www.fambras.org.br\/\" target=\"_blank\" rel=\"noopener\">http:\/\/www.fambras.org.br\/<\/a><\/p>\n<p><strong>Translated by S\u00e9rgio Kakitani <\/strong><\/p>\n<p>&nbsp;<\/p>\n<div class=\"credits-overlay\" data-target=\".wp-image-200633\">Press Release<\/div>\n","protected":false},"excerpt":{"rendered":"<p>The social action project in East S\u00e3o Paulo is scheduled for September 22, the day of the nine-year anniversary of CEU Formosa, from 10 am to 3 pm.<\/p>\n","protected":false},"author":2316,"featured_media":200633,"comment_status":"open","ping_status":"open","sticky":false,"template":"","format":"standard","meta":{"_monsterinsights_skip_tracking":false,"_monsterinsights_sitenote_active":false,"_monsterinsights_sitenote_note":"","_monsterinsights_sitenote_category":0,"footnotes":""},"categories":[3066],"tags":[4902,4910,2142,567,4909,2202,32310,290,4903],"class_list":{"0":"post-200657","1":"post","2":"type-post","3":"status-publish","4":"format-standard","5":"has-post-thumbnail","7":"category-society","8":"tag-ceu-formosa","9":"tag-east-sao-paulo","10":"tag-fambras","11":"tag-islam","12":"tag-islamic-solidarity-project","13":"tag-khalil","14":"tag-khalil-en","15":"tag-sao-paulo","16":"tag-vila-formosa"},"wps_subtitle":"The social action project in East S\u00e3o Paulo is scheduled for September 22, the day of the nine-year anniversary of CEU Formosa, from 10 am to 3 pm.","_links":{"self":[{"href":"https:\/\/anba.com.br\/en\/wp-json\/wp\/v2\/posts\/200657","targetHints":{"allow":["GET"]}}],"collection":[{"href":"https:\/\/anba.com.br\/en\/wp-json\/wp\/v2\/posts"}],"about":[{"href":"https:\/\/anba.com.br\/en\/wp-json\/wp\/v2\/types\/post"}],"author":[{"embeddable":true,"href":"https:\/\/anba.com.br\/en\/wp-json\/wp\/v2\/users\/2316"}],"replies":[{"embeddable":true,"href":"https:\/\/anba.com.br\/en\/wp-json\/wp\/v2\/comments?post=200657"}],"version-history":[{"count":0,"href":"https:\/\/anba.com.br\/en\/wp-json\/wp\/v2\/posts\/200657\/revisions"}],"wp:featuredmedia":[{"embeddable":true,"href":"https:\/\/anba.com.br\/en\/wp-json\/wp\/v2\/media\/200633"}],"wp:attachment":[{"href":"https:\/\/anba.com.br\/en\/wp-json\/wp\/v2\/media?parent=200657"}],"wp:term":[{"taxonomy":"category","embeddable":true,"href":"https:\/\/anba.com.br\/en\/wp-json\/wp\/v2\/categories?post=200657"},{"taxonomy":"post_tag","embeddable":true,"href":"https:\/\/anba.com.br\/en\/wp-json\/wp\/v2\/tags?post=200657"}],"curies":[{"name":"wp","href":"https:\/\/api.w.org\/{rel}","templated":true}]}}