{"id":212308,"date":"2019-04-12T15:08:57","date_gmt":"2019-04-12T18:08:57","guid":{"rendered":"https:\/\/anba.com.br\/?p=212308"},"modified":"2019-06-30T16:31:17","modified_gmt":"2019-06-30T19:31:17","slug":"a-book-on-arab-immigration-for-youngsters","status":"publish","type":"post","link":"https:\/\/anba.com.br\/en\/a-book-on-arab-immigration-for-youngsters\/","title":{"rendered":"A book on Arab immigration for youngsters"},"content":{"rendered":"<p>S\u00e3o Paulo \u2013 A new book is about to make it easier for young people to understand Arab immigration in Brazil. The attractively written <em>Brimos \u2013 Hist\u00f3ria da Imigra\u00e7\u00e3o \u00c1rabe para o Brasil<\/em> (Cousins \u2013 a History of Arab Immigration to Brazil), by Brazil\u2019s Marta Tajra (<em>pictured above<\/em>) is getting released on Saturday (13) at the\u00a0<a href=\"http:\/\/www.sirio.org.br\/\" target=\"_blank\" rel=\"noopener noreferrer\">Syrian Sports Club<\/a> in S\u00e3o Paulo. The launch event will be open to the public, and similar ones have taken place in Bras\u00edlia, Rio de Janeiro and Piau\u00ed \u2013 the state that the book\u2019s publisher\u00a0<a href=\"https:\/\/www.facebook.com\/zahleeditora\/\" target=\"_blank\" rel=\"noopener noreferrer\">Zahle<\/a>\u00a0hails from.<\/p>\n<p>The book was sponsored by the\u00a0<strong><a href=\"https:\/\/www.ccab.org.br\/\" target=\"_blank\" rel=\"noopener noreferrer\">Arab Brazilian Chamber of Commerce<\/a><\/strong>\u00a0and the\u00a0<a href=\"http:\/\/conselhonacionaldosesi.org.br\/\" target=\"_blank\" rel=\"noopener noreferrer\">National Council of the Social Service of Industry (SESI)<\/a>. The work is divided into three sections. The first one covers pre-Arab immigration Brazil, including Emperor Dom Pedro II&#8217; childhood during the so-called \u2018Regency Era,\u2019 his rise to the throne at age 15 and his trips abroad from the time he was 40 onwards.<\/p>\n<figure id=\"attachment_212301\" aria-describedby=\"caption-attachment-212301\" style=\"width: 231px\" class=\"wp-caption alignright\"><a href=\"https:\/\/anba.com.br\/wp-content\/uploads\/2019\/04\/livrobrimos.jpeg\"><img fetchpriority=\"high\" decoding=\"async\" class=\"size-medium wp-image-212301\" src=\"https:\/\/anba.com.br\/wp-content\/uploads\/2019\/04\/livrobrimos-231x300.jpeg\" alt=\"\" width=\"231\" height=\"300\" srcset=\"https:\/\/anba.com.br\/wp-content\/uploads\/2019\/04\/livrobrimos-231x300.jpeg 231w, https:\/\/anba.com.br\/wp-content\/uploads\/2019\/04\/livrobrimos-768x995.jpeg 768w, https:\/\/anba.com.br\/wp-content\/uploads\/2019\/04\/livrobrimos.jpeg 790w\" sizes=\"(max-width: 231px) 100vw, 231px\" \/><\/a><figcaption id=\"caption-attachment-212301\" class=\"wp-caption-text\">The book&#8217;s cover: different generations coming together<\/figcaption><\/figure>\n<p>The second part covers the Emperor\u2019s trips to Arab countries like Egypt, Palestine, Syria, Lebanon and Jordan. Since Dom Pedro II travelled as a tourist, he was able to speak to people and look at how they lived. \u201cHe realized they were dissatisfied under the Ottoman Empire\u2019s rule,\u201d says Marta. That was when Dom Pedro II began inviting them to move to Brazil, she explains.<\/p>\n<p>Four years later, Arab immigrants started coming, and this is the era \u2013 from the late 19<sup>th<\/sup> century to the 1970s \u2013 that the book\u2019s third section recounts. Here, Marta describes how they arrived, why they came, what the journey was like, their work as street peddlers, the opening of the shops that would evolve into warehouses, and their branching out into other sectors, like industry.<\/p>\n<p>Marta Tajra explains that the book features cartoon-style illustrations and stylized photos. The image-heavy works was designed with children and young people in mind, although that\u2019s not the only target demographic. \u201cIt\u2019s for all ages,\u201d the author says. It\u2019s an educational book, and the author\u2019s goal is to try and get Brazilian high schools to use it.<\/p>\n<p>Marta, who\u2019s the owner of Zahle, felt the need to write the book upon realizing that Arab immigration is only touched on superficially at schools, and not given the same attention as German, Italian or Polish immigration. She notes that the latter were brought to Brazil by the government and intended to stay for good, while Arabs were looking to make money and then go back to their homelands.<\/p>\n<p>The book\u2019s cover features a traveling salesman \u2013 the Arab of the past \u2013 and an executive, i.e. the Arab descendant that found success in Brazil, against a world map backdrop. \u201cThe salesman is holding the executive\u2019s briefcase, to show he\u2019s focused on future success, while the executive is holding the salesman\u2019s case to symbolize a strong connection with the ancestors who paved the way to an unknown land,\u201d says Marta. The saleseman is giving the businessman a compass, \u201cshowing that one generation kicked the door open and provided the directions for many other Arabs to get to Brazil,\u201d she explains.<\/p>\n<p>The book launch at the Syrian Sports Club was arranged by its Arab Culture Department. The event starts at 4pm, open to the public and free of charge. The book is also selling from Piau\u00ed bookstores and is available across the country via the publisher (contact info below), online or by phone. The price is BRL 70.<\/p>\n<p><strong>Quick facts<\/strong><\/p>\n<p>Book <em>Brimos \u2013 Hist\u00f3ria da Imigra\u00e7\u00e3o \u00c1rabe para o Brasil<\/em><br \/>\nBy Marta Tajra<br \/>\nPublisher: Zahle<br \/>\nBRL 70.00<br \/>\n<a href=\"https:\/\/www.facebook.com\/zahleeditora\/\" target=\"_blank\" rel=\"noopener noreferrer\">Zahle on Facebook<\/a><br \/>\nPhone\/WhatsApp: +55 86 99994-6216<\/p>\n<p><strong>Translated by Gabriel Pomerancblum<\/strong><\/p>\n<div class=\"credits-overlay\" data-target=\".wp-image-212299\">Press Release<\/div>\n<div class=\"credits-overlay\" data-target=\".wp-image-212301\">Reproduction<\/div>\n","protected":false},"excerpt":{"rendered":"<p>Publisher Zahle is releasing Marta Tajra\u2019s \u2018Brimos \u2013 A Hist\u00f3ria da Imigra\u00e7\u00e3o \u00c1rabe para o Brasil,\u2019 de Marta Tajra, no in S\u00e3o Paulo\u2019s Syrian Sports Club on Saturday.<\/p>\n","protected":false},"author":1455,"featured_media":212299,"comment_status":"open","ping_status":"open","sticky":false,"template":"","format":"standard","meta":{"_monsterinsights_skip_tracking":false,"_monsterinsights_sitenote_active":false,"_monsterinsights_sitenote_note":"","_monsterinsights_sitenote_category":0,"footnotes":""},"categories":[89],"tags":[422,6074,8170,8176,2303,29836,8169,8175],"class_list":{"0":"post-212308","1":"post","2":"type-post","3":"status-publish","4":"format-standard","5":"has-post-thumbnail","7":"category-culture","8":"tag-arab","9":"tag-arab-immigration","10":"tag-brimos-historia-da-imigracao-arabe-para-o-brasil","11":"tag-childrens-book","12":"tag-dom-pedro-ii","13":"tag-imigrantes-arabes-en","14":"tag-marta-tajra","15":"tag-zahle"},"wps_subtitle":"Publisher Zahle is releasing Marta Tajra\u2019s \u2018Brimos \u2013 A Hist\u00f3ria da Imigra\u00e7\u00e3o \u00c1rabe para o Brasil,\u2019 de Marta Tajra, no in S\u00e3o Paulo\u2019s Syrian Sports Club on Saturday.","_links":{"self":[{"href":"https:\/\/anba.com.br\/en\/wp-json\/wp\/v2\/posts\/212308","targetHints":{"allow":["GET"]}}],"collection":[{"href":"https:\/\/anba.com.br\/en\/wp-json\/wp\/v2\/posts"}],"about":[{"href":"https:\/\/anba.com.br\/en\/wp-json\/wp\/v2\/types\/post"}],"author":[{"embeddable":true,"href":"https:\/\/anba.com.br\/en\/wp-json\/wp\/v2\/users\/1455"}],"replies":[{"embeddable":true,"href":"https:\/\/anba.com.br\/en\/wp-json\/wp\/v2\/comments?post=212308"}],"version-history":[{"count":0,"href":"https:\/\/anba.com.br\/en\/wp-json\/wp\/v2\/posts\/212308\/revisions"}],"wp:featuredmedia":[{"embeddable":true,"href":"https:\/\/anba.com.br\/en\/wp-json\/wp\/v2\/media\/212299"}],"wp:attachment":[{"href":"https:\/\/anba.com.br\/en\/wp-json\/wp\/v2\/media?parent=212308"}],"wp:term":[{"taxonomy":"category","embeddable":true,"href":"https:\/\/anba.com.br\/en\/wp-json\/wp\/v2\/categories?post=212308"},{"taxonomy":"post_tag","embeddable":true,"href":"https:\/\/anba.com.br\/en\/wp-json\/wp\/v2\/tags?post=212308"}],"curies":[{"name":"wp","href":"https:\/\/api.w.org\/{rel}","templated":true}]}}