{"id":24518,"date":"2007-07-18T12:42:00","date_gmt":"2007-07-18T14:42:00","guid":{"rendered":"https:\/\/escaesco.com.br\/lab\/anba\/minas-receives-exhibition-about-brazilian-coffees\/"},"modified":"2019-06-30T13:47:29","modified_gmt":"2019-06-30T16:47:29","slug":"minas-receives-exhibition-about-brazilian-coffees","status":"publish","type":"post","link":"https:\/\/anba.com.br\/en\/minas-receives-exhibition-about-brazilian-coffees\/","title":{"rendered":"Minas receives exhibition about Brazilian coffees"},"content":{"rendered":"<p><P><STRONG>From the Newsroom*<\/STRONG><\/P><br \/> <P>S\u00e3o Paulo \u2013 The Ministry of Agriculture, Livestock and Supply and the Brazilian Coffee Industry Association (Abic) opened yesterday (17) exhibition Coffees of Brazil, at Shopping Santa Cruz, in the city of Juiz de Fora, in the state of Minas Gerais (SE Brazil). The exhibition, itinerant, will travel several cities until January next year. <\/P><br \/> <P>The objective is to promote education regarding consumption of the product and to disclose the importance of coffee culture in the history of the country, the largest world producer and exporter of coffee grain. The exhibition will be in Juiz de Fora until next Saturday (21), and will then be taken to Shopping Vit\u00f3ria, in Vit\u00f3ria, in the state of Esp\u00edrito Santo, also in SE Brazil. Before Juiz de Fora, through an Abic pilot project, the exhibit had been to S\u00e3o Paulo, Santos, Campinas and Rio de Janeiro.<\/P><br \/> <P>The itinerating exhibition should be seen by one million people. Composed of several photographic panels, the exhibition presents the history of coffee in the world and in Brazil, bringing information about producer regions, kinds of grain and curiosities. The information was disclosed by a spokesperson for the Ministry of Agriculture.<\/P><br \/> <P><STRONG>*Translated by Mark Ament<\/STRONG><\/P><\/p>\n","protected":false},"excerpt":{"rendered":"<p>From the Newsroom* S\u00e3o Paulo \u2013 The Ministry of Agriculture, Livestock and Supply and the Brazilian Coffee Industry Association (Abic) opened yesterday (17) exhibition Coffees of Brazil, at Shopping Santa Cruz, in the city of Juiz de Fora, in the state of Minas Gerais (SE Brazil). The exhibition, itinerant, will travel several cities until January<\/p>\n","protected":false},"author":2308,"featured_media":0,"comment_status":"closed","ping_status":"open","sticky":false,"template":"","format":"standard","meta":{"_monsterinsights_skip_tracking":false,"_monsterinsights_sitenote_active":false,"_monsterinsights_sitenote_note":"","_monsterinsights_sitenote_category":0,"footnotes":""},"categories":[91],"tags":[],"class_list":{"0":"post-24518","1":"post","2":"type-post","3":"status-publish","4":"format-standard","6":"category-economy"},"wps_subtitle":"","_links":{"self":[{"href":"https:\/\/anba.com.br\/en\/wp-json\/wp\/v2\/posts\/24518","targetHints":{"allow":["GET"]}}],"collection":[{"href":"https:\/\/anba.com.br\/en\/wp-json\/wp\/v2\/posts"}],"about":[{"href":"https:\/\/anba.com.br\/en\/wp-json\/wp\/v2\/types\/post"}],"author":[{"embeddable":true,"href":"https:\/\/anba.com.br\/en\/wp-json\/wp\/v2\/users\/2308"}],"replies":[{"embeddable":true,"href":"https:\/\/anba.com.br\/en\/wp-json\/wp\/v2\/comments?post=24518"}],"version-history":[{"count":0,"href":"https:\/\/anba.com.br\/en\/wp-json\/wp\/v2\/posts\/24518\/revisions"}],"wp:attachment":[{"href":"https:\/\/anba.com.br\/en\/wp-json\/wp\/v2\/media?parent=24518"}],"wp:term":[{"taxonomy":"category","embeddable":true,"href":"https:\/\/anba.com.br\/en\/wp-json\/wp\/v2\/categories?post=24518"},{"taxonomy":"post_tag","embeddable":true,"href":"https:\/\/anba.com.br\/en\/wp-json\/wp\/v2\/tags?post=24518"}],"curies":[{"name":"wp","href":"https:\/\/api.w.org\/{rel}","templated":true}]}}