{"id":258021,"date":"2019-09-24T07:00:31","date_gmt":"2019-09-24T10:00:31","guid":{"rendered":"https:\/\/anba.com.br\/?p=258021"},"modified":"2019-09-23T19:47:02","modified_gmt":"2019-09-23T22:47:02","slug":"play-we-from-piaui-talks-on-arab-immigration-in-the-state","status":"publish","type":"post","link":"https:\/\/anba.com.br\/en\/play-we-from-piaui-talks-on-arab-immigration-in-the-state\/","title":{"rendered":"Play \u2018We from Piau\u00ed\u2019 talks on Arab immigration in the state"},"content":{"rendered":"<p>S\u00e3o Paulo \u2013 Traces of the Arab immigration in the Brazilian state of Piau\u00ed will be addressed in the play &#8220;N\u00f3s do Piau\u00ed&#8221; [\u201cWe from Piau\u00ed&#8221;] to debut on Wednesday (25), when it&#8217;s celebrated the International Arab Dance Day, an art that will be used in conjunction with Brazilian music in the play to talk on the Arab culture influence in the state.<\/p>\n<p>The play creator and director No\u00e9 Filho explains that the goal is to showcase the Arab immigration to people of Piau\u00ed. \u201cThey don\u2019t know much about that. People even freak out a bit when we explain. We want to share a bit of this history so that people can learn and take an interest,\u201d he told ANBA. No\u00e9 is part of the art collective for Piau\u00ed culture <a href=\"https:\/\/www.geleiatotal.com.br\/\" target=\"_blank\" rel=\"noopener\">Geleia Total<\/a>, which created the play.<\/p>\n<p><strong>Northeastern accordion and Arab dance<\/strong><\/p>\n<p>The play features two main elements: the accordion and Arab dance. Together, they show the knots that built Piau\u00ed. \u201cWe\u2019ll focus on an Arab aesthetics, setting and dance. The band will accompany and have a conductor with an accordion. The idea is to use the accordion as a link between Arab culture and Brazil Northeast stereotype. It\u2019s also an instrument that makes many choreographies possible,\u201d No\u00e9 explains.<\/p>\n<p>The show choreographer is the very dancer to step on the stage: Izabell Lins (<em>pictured above<\/em>), a benchmark in Arab dance in Piau\u00ed. The accordion is played by the conductor of the Orquestra Saf\u00f4nica de Teresina, Ivan Silva. The repertoire is composed of songs from Piau\u00ed but gained new arrangements to bring the Arab sound. The band features derbake, an Arab percussion instrument.<\/p>\n<p>The play unfolds between songs and scenes. The storyteller that will connect the dots is the play\u2019s singer. \u201cShe\u2019ll talk a bit about history, nature and art in Piau\u00ed. She\u2019ll a character that is always seaming the elements,\u201d No\u00e9 said.<\/p>\n<figure id=\"attachment_257963\" aria-describedby=\"caption-attachment-257963\" style=\"width: 300px\" class=\"wp-caption alignleft\"><img fetchpriority=\"high\" decoding=\"async\" class=\"size-medium wp-image-257963\" src=\"https:\/\/anba.com.br\/wp-content\/uploads\/2019\/09\/Ivan-Silva-300x209.jpg\" alt=\"\" width=\"300\" height=\"209\" srcset=\"https:\/\/anba.com.br\/wp-content\/uploads\/2019\/09\/Ivan-Silva-300x209.jpg 300w, https:\/\/anba.com.br\/wp-content\/uploads\/2019\/09\/Ivan-Silva-768x534.jpg 768w, https:\/\/anba.com.br\/wp-content\/uploads\/2019\/09\/Ivan-Silva-1024x713.jpg 1024w, https:\/\/anba.com.br\/wp-content\/uploads\/2019\/09\/Ivan-Silva.jpg 1200w\" sizes=\"(max-width: 300px) 100vw, 300px\" \/><figcaption id=\"caption-attachment-257963\" class=\"wp-caption-text\">The play\u2019s musical director is Ivan Silva, the conductor of Orquestra Sanf\u00f4nica de Teresina<\/figcaption><\/figure>\n<p>To create the play, the director studied researches and works such as \u201cDa p\u00e1tria \u00e0 Casa\u201d by Marcos Vilhena, who has a master\u2019s degree in History from Federal University of Piau\u00ed. The book gives an overview of the Arab immigration process in Brazil and how they arrived in Piau\u00ed. The book presented No\u00e9 with Brazil Northeastern stories shaped by Arab culture that set the poetic and musical tone for the play. \u201cCordel literature has an Arab and European influence, while aboio \u2013 a communication system created by vaqueros in sert\u00e3o \u2013 came about because when Arabs came to Brazil, they came very attached to trade, cruising long distances as traveling salesmen. They used chants to communicate and, from that, came aboio. It\u2019s widely used in sert\u00e3o,\u201d he said.<\/p>\n<p>He also found influences in architecture, cuisine and especially trade. \u201cHere in Piau\u00ed we have two cities that stand out, Teresina and Floriano, where Arabs first arrived. There [in Floriano], it\u2019s standard to eat Arab food. And since they arrived just when the city was being formed, there are always big celebration events, such as the one celebrating their arrival in Floriano. In Teresina, the Arabs helped form local commerce. They organized the economy in the region. There are important things in our region,\u201d he points out.<\/p>\n<p>The director\u2019s intention is to make a season of the show after the initial date. \u201cWe want to travel around Piau\u00ed. We struggle since it\u2019s very big play. It has 20 dancers and musicians, not to mention the staff. But we\u2019ll make an effort to take it at least to Floriano,\u201d he said.<\/p>\n<p><strong>Quick Facts<\/strong><\/p>\n<p>Play &#8220;N\u00f3s do Piau\u00ed&#8221;<br \/>\nTwo performances, at 6 and 7:30 pm<br \/>\nSeptember 25<br \/>\nTeatro do Boi &#8211; Rua Rui Barbosa, 339 &#8211; Matadouro &#8211; Teresina<br \/>\nPrice: BRL 15 to 30<br \/>\nBuy tickets <a href=\"https:\/\/www.sympla.com.br\/nos-do-piaui--1-sessao-18h__647856\" target=\"_blank\" rel=\"noopener\">here<\/a><br \/>\nFind out more at: +55 (86) 998026952 \/ email: <a href=\"mailto:geleiatotal@gmail.com\">geleiatotal@gmail.com<\/a><\/p>\n<p><strong>Translated by Guilherme Miranda<\/strong><\/p>\n<div class=\"credits-overlay\" data-target=\".wp-image-257963\">Press Release<\/div>\n","protected":false},"excerpt":{"rendered":"<p>The play will be performed this Wednesday, when the International Arab Dance Day is celebrated. On the stage, Arab dance will be mixed to songs from Northeast Brazil played on the accordion.<\/p>\n","protected":false},"author":2324,"featured_media":257971,"comment_status":"open","ping_status":"closed","sticky":false,"template":"","format":"standard","meta":{"_monsterinsights_skip_tracking":false,"_monsterinsights_sitenote_active":false,"_monsterinsights_sitenote_note":"","_monsterinsights_sitenote_category":0,"footnotes":""},"categories":[89],"tags":[9649,11480,4602,11478,11481,11469,2267,6813,10016,11479,10019,4119],"class_list":{"0":"post-258021","1":"post","2":"type-post","3":"status-publish","4":"format-standard","5":"has-post-thumbnail","7":"category-culture","8":"tag-arab-en","9":"tag-accordion","10":"tag-arab-dance","11":"tag-brazil-northeast","12":"tag-floriano-en","13":"tag-floriano","14":"tag-immigration","15":"tag-nordeste-en","16":"tag-piaui-en","17":"tag-play","18":"tag-teresina-en","19":"tag-theater"},"wps_subtitle":"The play will be performed this Wednesday, when the International Arab Dance Day is celebrated. On the stage, Arab dance will be mixed to songs from Northeast Brazil played on the accordion.","_links":{"self":[{"href":"https:\/\/anba.com.br\/en\/wp-json\/wp\/v2\/posts\/258021","targetHints":{"allow":["GET"]}}],"collection":[{"href":"https:\/\/anba.com.br\/en\/wp-json\/wp\/v2\/posts"}],"about":[{"href":"https:\/\/anba.com.br\/en\/wp-json\/wp\/v2\/types\/post"}],"author":[{"embeddable":true,"href":"https:\/\/anba.com.br\/en\/wp-json\/wp\/v2\/users\/2324"}],"replies":[{"embeddable":true,"href":"https:\/\/anba.com.br\/en\/wp-json\/wp\/v2\/comments?post=258021"}],"version-history":[{"count":0,"href":"https:\/\/anba.com.br\/en\/wp-json\/wp\/v2\/posts\/258021\/revisions"}],"wp:featuredmedia":[{"embeddable":true,"href":"https:\/\/anba.com.br\/en\/wp-json\/wp\/v2\/media\/257971"}],"wp:attachment":[{"href":"https:\/\/anba.com.br\/en\/wp-json\/wp\/v2\/media?parent=258021"}],"wp:term":[{"taxonomy":"category","embeddable":true,"href":"https:\/\/anba.com.br\/en\/wp-json\/wp\/v2\/categories?post=258021"},{"taxonomy":"post_tag","embeddable":true,"href":"https:\/\/anba.com.br\/en\/wp-json\/wp\/v2\/tags?post=258021"}],"curies":[{"name":"wp","href":"https:\/\/api.w.org\/{rel}","templated":true}]}}