{"id":260246,"date":"2019-10-18T18:53:29","date_gmt":"2019-10-18T21:53:29","guid":{"rendered":"https:\/\/anba.com.br\/?p=260246"},"modified":"2019-10-18T19:28:37","modified_gmt":"2019-10-18T22:28:37","slug":"companies-to-get-export-mentorship-at-sao-paulo-event","status":"publish","type":"post","link":"https:\/\/anba.com.br\/en\/companies-to-get-export-mentorship-at-sao-paulo-event\/","title":{"rendered":"Companies to get export mentorship at S\u00e3o Paulo event"},"content":{"rendered":"<p>S\u00e3o Paulo \u2013 Municipal export and investment promotion agency S\u00e3o Paulo Neg\u00f3cios is hosting an international market-driven event on Monday (21), featuring onsite group mentorship for companies looking to export. The 2<sup>nd<\/sup> SP International Business Day will also include meetings for businesspeople with delegates from chambers of commerce and consulates, among them the <a href=\"http:\/\/www.ccab.org.br\/en\/home\" target=\"_blank\" rel=\"noopener noreferrer\"><strong>Arab Brazilian Chamber of Commerce<\/strong><\/a>.<\/p>\n<p>Registration will be available through Monday, 6am for the lectures program, which includes mentoring. All slots are taken for one-on-one meetings with consulates and chambers of commerce. The event opens with accreditation at 8am and will continue until 5pm at Pal\u00e1cio do Com\u00e9rcio, in the Largo S\u00e3o Francisco Campus of Funda\u00e7\u00e3o Escola de Com\u00e9rcio \u00c1lvares Penteado (Fecap), in S\u00e3o Paulo.<\/p>\n<p>Speakers for the event\u2019s opening will include Fecap dean Edson Simoni, Banco do Brasil international superintendent Paulo Eduardo da Silva Guimar\u00e3es, Brazilian Trade and Investment Promotion Agency (Apex-Brasil) Quality and Competitiveness manager Ana Cl\u00e1udia Barbosa and SP Neg\u00f3cios president Juan Quir\u00f3s. A master lecture at 9:45am will delve into the case of Spanish ceramics company Roca Cer\u00e2mica, whose entry strategy into Brazil involved the acquisition of established local brands.<\/p>\n<p>Afterwards, concurrent actions will begin. From 9:45am to 1pm, registered businesspeople will sit down with chamber and consulate executives. Prior scheduling was done based on the countries of interest represented by the organizations. SP Neg\u00f3cios executive director for Business and Exports Silvana Scheffel Gomes (pictured above) said the goal is for companies to get information on the countries and their business environments, to help them prepare their entry strategies.<\/p>\n<p>From 11am until late afternoon, international success cases will be presented simultaneously, and mentorships will ensue. Exporters will tell their stories to small groups and will be available for Q&amp;As, giving suggestions and tips to international entrepreneurs. It will be a kind of group mentorship, according to Silvana. During the day, participants will join in for training in so-called pitch labs, to learn how to introduce themselves quickly.<\/p>\n<p>Delegates from companies like Biscoitos Itamaraty, Chemyunion, FAME, Dinda Foods, Arcelor Mittal, Braseco, Duratex etc. will recount their success cases. There\u2019ll be lectures on aspects of foreign trade, followed by mentoring, from institutions including Apex-Brasil, Fecap, Instituto Nacional do Pl\u00e1stico (INP), the Brazilian Micro and Small Business Support Service (Sebrae), Banco do Brasil, and Funda\u00e7\u00e3o Getulio Vargas (FGV).<\/p>\n<p>In the afternoon, industry associations will discuss their export promotion projects. The program ends with a lecture on international market entry strategies, from Escola Superior de Propaganda e Marketing (ESPM) professor Diego Bonaldo Coelho. For the wrap-up, SP Neg\u00f3cios executive directors Silvana Gomes and Silvana Buzzi will discuss technologies and their impact on international trade.<\/p>\n<p>The majority of registered companies are affiliated with SP Neg\u00f3cios\/Apex-Brasil program <em>S\u00e3o Paulo Exporta<\/em>, which promotes goods and services exports by S\u00e3o Paulo-based companies in connection with Fecap\u2019s exports program (Programa de Qualifica\u00e7\u00e3o para Exporta\u00e7\u00e3o &#8211; Peiex). The 2<sup>nd<\/sup> SP International Business Day relies on institutional support from IBREI, Sebrae-SP, Banco do Brasil, the Brazilian Postal Service, and several industry-specific entities and associations. Member companies from participating organizations, including the Arab Chamber, have also enrolled.<\/p>\n<p><strong>Quick facts<\/strong><\/p>\n<p>2<sup>nd<\/sup> SP International Business Day<br \/>\nOctober 21, 2019, 8am-5pm<br \/>\nFecap \u2013 Campus Largo S\u00e3o Francisco<br \/>\nLargo S\u00e3o Francisco, 19 \u2013 S\u00e9 \u2013 S\u00e3o Paulo \u2013 SP<br \/>\nFull program available <a href=\"http:\/\/www.spnegocios.com\/noticias\/confira-a-programacao-do-2o-sp-international-business-day\/\" target=\"_blank\" rel=\"noopener noreferrer\">here<\/a><br \/>\nRegister <a href=\"https:\/\/docs.google.com\/forms\/d\/e\/1FAIpQLSeEU0-AIuDeUNV6Fcxk_UEsRtaePFXnGY81Ly3x1aKEO-HyrA\/viewform\" target=\"_blank\" rel=\"noopener noreferrer\">here<\/a><\/p>\n<p><strong>Translated by Gabriel Pomerancblum<\/strong><\/p>\n<div class=\"credits-overlay\" data-target=\".wp-image-260240\">Press Release<\/div>\n","protected":false},"excerpt":{"rendered":"<p>Municipal agency SP Neg\u00f3cios is hosting an international day for businesses looking to export. There\u2019ll be meetings with delegates from chambers of commerce \u2013 including the Arab Brazilian one \u2013 and consulates, and success case presentations.<\/p>\n","protected":false},"author":1455,"featured_media":260240,"comment_status":"open","ping_status":"closed","sticky":false,"template":"","format":"standard","meta":{"_monsterinsights_skip_tracking":false,"_monsterinsights_sitenote_active":false,"_monsterinsights_sitenote_note":"","_monsterinsights_sitenote_category":0,"footnotes":""},"categories":[107],"tags":[12102,12103,12104,12105,12099,10468],"class_list":{"0":"post-260246","1":"post","2":"type-post","3":"status-publish","4":"format-standard","5":"has-post-thumbnail","7":"category-business-opportunities","8":"tag-2nd-sp-international-business-day","9":"tag-export-mentorship","10":"tag-export-training","11":"tag-fecap-en","12":"tag-fecap","13":"tag-sp-negocios-en"},"wps_subtitle":"Municipal agency SP Neg\u00f3cios is hosting an international day for businesses looking to export. There\u2019ll be meetings with delegates from chambers of commerce \u2013 including the Arab Brazilian one \u2013 and consulates, and success case presentations. ","_links":{"self":[{"href":"https:\/\/anba.com.br\/en\/wp-json\/wp\/v2\/posts\/260246","targetHints":{"allow":["GET"]}}],"collection":[{"href":"https:\/\/anba.com.br\/en\/wp-json\/wp\/v2\/posts"}],"about":[{"href":"https:\/\/anba.com.br\/en\/wp-json\/wp\/v2\/types\/post"}],"author":[{"embeddable":true,"href":"https:\/\/anba.com.br\/en\/wp-json\/wp\/v2\/users\/1455"}],"replies":[{"embeddable":true,"href":"https:\/\/anba.com.br\/en\/wp-json\/wp\/v2\/comments?post=260246"}],"version-history":[{"count":0,"href":"https:\/\/anba.com.br\/en\/wp-json\/wp\/v2\/posts\/260246\/revisions"}],"wp:featuredmedia":[{"embeddable":true,"href":"https:\/\/anba.com.br\/en\/wp-json\/wp\/v2\/media\/260240"}],"wp:attachment":[{"href":"https:\/\/anba.com.br\/en\/wp-json\/wp\/v2\/media?parent=260246"}],"wp:term":[{"taxonomy":"category","embeddable":true,"href":"https:\/\/anba.com.br\/en\/wp-json\/wp\/v2\/categories?post=260246"},{"taxonomy":"post_tag","embeddable":true,"href":"https:\/\/anba.com.br\/en\/wp-json\/wp\/v2\/tags?post=260246"}],"curies":[{"name":"wp","href":"https:\/\/api.w.org\/{rel}","templated":true}]}}