{"id":32052,"date":"2009-09-03T11:22:00","date_gmt":"2009-09-03T13:22:00","guid":{"rendered":"https:\/\/escaesco.com.br\/lab\/anba\/brazilian-fashion-at-fair-in-dubai\/"},"modified":"2019-06-30T13:38:01","modified_gmt":"2019-06-30T16:38:01","slug":"brazilian-fashion-at-fair-in-dubai","status":"publish","type":"post","link":"https:\/\/anba.com.br\/en\/brazilian-fashion-at-fair-in-dubai\/","title":{"rendered":"Brazilian fashion at fair in Dubai"},"content":{"rendered":"<p><!--%IMGNOT1%-->S\u00e3o Paulo \u2013 Around 20 Brazilian companies are going to participate in Who\u2019s Next &#038; Premiere Classe, a fashion fair to take place in Dubai, in the United Arab Emirates, in October. Most of the garment producers and national stylists present \u2013 11 \u2013 should exhibit their products as part of the Texbrasil, a program for promotion of sector exports, developed by the Brazilian Textile and Apparel Industry Association (Abit) and the Brazilian Export and Investment Promotion Agency (Apex-Brasil).<\/p>\n<p> The company and specialists participating in the Texbrasil should be Thais Fran\u00e7a, L\u00eas Parent, Maria Eudoxia, Andr\u00e9 Ungaratto, and Piedad, from S\u00e3o Paulo state, Gig, Patricia Bonaldi, Eliane Matos and Feriado Nacional, from Minas Gerais, as well as M\u00e1rcia Ganem, from Bahia, and Lucidez, from Rio de Janeiro. Also included in the list of exhibitors at the fair are Brazilian brands like I\u00f3dice, Osklen, Gl\u00f3ria Coelho and Clube Bossa.<\/p>\n<p> Who\u2019s Next &#038; Premiere Classe is a traditional French fair to take place for the first time in Dubai. According to information supplied by the Abit, Texbrasil has already been participating in the French fair for a long time and is going to travel to Dubai to learn more about the demand on that market. A total of 250 brands, mainly international, are gong to be shown at the fair, between October 11th and 13th, at the Dubai International Convention and Exhibition Center (Dicec).<\/p>\n<p> According to information disclosed by the event organizers, of the total number of brands to be exhibited, 100 should be of female clothes and 100 of accessories. Among the exhibitors, 40% should be French, but also, according to the fair organizers, there should also be brands from Spain, Italy, England, Scandinavia and developing countries like Brazil. Promoters of the fair expect buyers from the Middle East and also from other regions like Russia, India, Europe, North Africa and Turkey.<\/p>\n<p> Who\u2019s Next &#038; Premiere Classe takes place every year, twice, in January and September, at the Paris Expo, a 45,000 square-metre space. Each edition receives around 1.200 exhibiting brands. Visitors totalled 55,000 in the last edition, and 42% were international buyers.<\/p>\n<p> <b>Service<\/b><\/p>\n<p> Who\u2019s Next &#038; Premiere Classe<br \/> October 11th to 13th <br \/> At the International Convention and Exhibition Center, in Dubai<br \/> Further information:www.whosnextindubai.com<\/p>\n<p> <b>*Translated by Mark Ament<\/b><\/p>\n","protected":false},"excerpt":{"rendered":"<p>Brazilian brands should participate in Who&#8217;s Next &#038; Premiere Classe, a French fair to take place in the Emirates, in October. Among the Brazilian stylists will be M\u00e1rcia Ganem and Patricia Bonaldi.<\/p>\n","protected":false},"author":1455,"featured_media":0,"comment_status":"closed","ping_status":"open","sticky":false,"template":"","format":"standard","meta":{"_monsterinsights_skip_tracking":false,"_monsterinsights_sitenote_active":false,"_monsterinsights_sitenote_note":"","_monsterinsights_sitenote_category":0,"footnotes":""},"categories":[91],"tags":[],"class_list":{"0":"post-32052","1":"post","2":"type-post","3":"status-publish","4":"format-standard","6":"category-economy"},"wps_subtitle":"Brazilian brands should participate in Who's Next & Premiere Classe, a French fair to take place in the Emirates, in October. Among the Brazilian stylists will be M\u00e1rcia Ganem and Patricia Bonaldi.","_links":{"self":[{"href":"https:\/\/anba.com.br\/en\/wp-json\/wp\/v2\/posts\/32052","targetHints":{"allow":["GET"]}}],"collection":[{"href":"https:\/\/anba.com.br\/en\/wp-json\/wp\/v2\/posts"}],"about":[{"href":"https:\/\/anba.com.br\/en\/wp-json\/wp\/v2\/types\/post"}],"author":[{"embeddable":true,"href":"https:\/\/anba.com.br\/en\/wp-json\/wp\/v2\/users\/1455"}],"replies":[{"embeddable":true,"href":"https:\/\/anba.com.br\/en\/wp-json\/wp\/v2\/comments?post=32052"}],"version-history":[{"count":0,"href":"https:\/\/anba.com.br\/en\/wp-json\/wp\/v2\/posts\/32052\/revisions"}],"wp:attachment":[{"href":"https:\/\/anba.com.br\/en\/wp-json\/wp\/v2\/media?parent=32052"}],"wp:term":[{"taxonomy":"category","embeddable":true,"href":"https:\/\/anba.com.br\/en\/wp-json\/wp\/v2\/categories?post=32052"},{"taxonomy":"post_tag","embeddable":true,"href":"https:\/\/anba.com.br\/en\/wp-json\/wp\/v2\/tags?post=32052"}],"curies":[{"name":"wp","href":"https:\/\/api.w.org\/{rel}","templated":true}]}}