{"id":400158,"date":"2025-11-28T16:03:10","date_gmt":"2025-11-28T19:03:10","guid":{"rendered":"https:\/\/anba.com.br\/?p=400158"},"modified":"2025-11-28T16:03:17","modified_gmt":"2025-11-28T19:03:17","slug":"arab-brazilian-chamber-unifesp-sign-partnership","status":"publish","type":"post","link":"https:\/\/anba.com.br\/en\/arab-brazilian-chamber-unifesp-sign-partnership\/","title":{"rendered":"Arab-Brazilian Chamber, Unifesp sign partnership"},"content":{"rendered":"\n<p>S\u00e3o Paulo \u2013 The Vice President of Marketing at the <strong>Arab-Brazilian Chamber of Commerce<\/strong> (<a href=\"https:\/\/ccab.org.br\/en\/\" target=\"_blank\" rel=\"noopener\">ABCC<\/a>), Silvia Antibas, and the dean of the Federal University of S\u00e3o Paulo (<a href=\"https:\/\/portal.unifesp.br\/\" target=\"_blank\" rel=\"noopener\">Unifesp<\/a>), Raiane Assump\u00e7\u00e3o, signed on Friday (28) a partnership to digitize and research documents aimed at recovering the memory of Arab immigration in Brazil. The agreement was formalized during the seminar \u201cNew Perspectives on the Arab Diaspora in Brazil: Memory, Literature, and Translation\u201d, held at Unifesp\u2019s headquarters in S\u00e3o Paulo.<\/p>\n\n\n<div class=\"wp-block-image\">\n<figure class=\"alignleft size-large is-resized\"><img fetchpriority=\"high\" decoding=\"async\" width=\"1024\" height=\"768\" src=\"https:\/\/anba.com.br\/wp-content\/uploads\/2025\/11\/WhatsApp-Image-2025-11-28-at-15.18.40-1-1024x768.jpeg\" alt=\"Natalia Calfat, Silvia Antibas, Raiane Assump\u00e7\u00e3o, Javier Amadeo e Olg\u00e1ria Matos: The event addressed recent approaches to Arab immigration and presented ongoing research\" class=\"wp-image-400143\" style=\"width:336px;height:auto\" srcset=\"https:\/\/anba.com.br\/wp-content\/uploads\/2025\/11\/WhatsApp-Image-2025-11-28-at-15.18.40-1-1024x768.jpeg 1024w, https:\/\/anba.com.br\/wp-content\/uploads\/2025\/11\/WhatsApp-Image-2025-11-28-at-15.18.40-1-600x450.jpeg 600w, https:\/\/anba.com.br\/wp-content\/uploads\/2025\/11\/WhatsApp-Image-2025-11-28-at-15.18.40-1-150x113.jpeg 150w, https:\/\/anba.com.br\/wp-content\/uploads\/2025\/11\/WhatsApp-Image-2025-11-28-at-15.18.40-1-768x576.jpeg 768w, https:\/\/anba.com.br\/wp-content\/uploads\/2025\/11\/WhatsApp-Image-2025-11-28-at-15.18.40-1-450x338.jpeg 450w, https:\/\/anba.com.br\/wp-content\/uploads\/2025\/11\/WhatsApp-Image-2025-11-28-at-15.18.40-1-1200x900.jpeg 1200w, https:\/\/anba.com.br\/wp-content\/uploads\/2025\/11\/WhatsApp-Image-2025-11-28-at-15.18.40-1.jpeg 1280w\" sizes=\"(max-width: 1024px) 100vw, 1024px\" \/><figcaption class=\"wp-element-caption\">Natalia Calfat, Silvia Antibas, Raiane Assump\u00e7\u00e3o, Javier Amadeo e Olg\u00e1ria Matos: The event addressed recent approaches to Arab immigration and presented ongoing research<\/figcaption><\/figure>\n<\/div>\n\n\n<p>The partnership establishes that Unifesp will provide a team of digitization specialists and researchers to support the Project for Digitizing the Memory of Arab Immigration in Brazil\u2014itself a collaboration between the ABCC and the Holy Spirit University of Kaslik (USEK) in Lebanon. Through this project, families and institutions that hold documents related to Arab immigration lend them to the ABCC for digitization. The materials are then added to a digital database, and the physical copies are returned to their owners along with digital versions.<\/p>\n\n\n\n<p>In her presentation at the seminar, Antibas shared more details about the initiative and its importance to the Arab community. \u201cWe are just beginning, and in fact, this project will have no end. For it to thrive, we need partners,\u201d she said, referring to the agreement signed with Unifesp and with other institutions outside the state of S\u00e3o Paulo, including Rio de Janeiros\u2019s National Library Foundation and others in Cear\u00e1, Minas Gerais, and Rio Grande do Sul.<\/p>\n\n\n\n<h2 class=\"wp-block-heading\"><strong>A discussion on Arab immigration<\/strong><\/h2>\n\n\n\n<p>The seminar was held by the Edward Sa\u00efd Chair at Unifesp, in partnership with the ABCC and the Institute for Arab Culture (IcArabe), represented by its president, Natalia Calfat. Also present were former Unifesp rector and founder of the Chair, Soraya Smaili, honorary coordinator Olg\u00e1ria Matos, and coordinator Javier Amadeo.<\/p>\n\n\n\n<p>Oswaldo Truzzi, a professor at the Federal University of S\u00e3o Carlos (UFScar), presented the lecture <em>\u201c<\/em>The Early Days of Studies on the Arab Diaspora<em>.\u201d<\/em> The event\u2019s program also included the launch of the 10<sup>th<\/sup> edition of <em>Exilium<\/em> magazine, discussion panels on immigrant press, immigration and demography, literature and translation, as well as a cultural recital.<\/p>\n\n\n\n<p><em>Read more<\/em>:<br><a href=\"https:\/\/anba.com.br\/en\/a-partnership-to-foster-arab-culture\/\">A partnership to foster Arab culture<\/a><\/p>\n\n\n\n<p><strong>Translated by Guilherme Miranda<\/strong><\/p>\n<div class=\"credits-overlay\" data-target=\".wp-image-400142\">Marcos Carrieri\/ANBA<\/div><div class=\"credits-overlay\" data-target=\".wp-image-400143\">Marcos Carrieri\/ANBA<\/div>","protected":false},"excerpt":{"rendered":"<p>Agreement sets that the university team will digitize and research documents for a project on the memory of Arab immigration in Brazil. A seminar discusses new perspectives on the Arab diaspora.<\/p>\n","protected":false},"author":2317,"featured_media":400142,"comment_status":"closed","ping_status":"closed","sticky":false,"template":"","format":"standard","meta":{"_monsterinsights_skip_tracking":false,"_monsterinsights_sitenote_active":false,"_monsterinsights_sitenote_note":"","_monsterinsights_sitenote_category":0,"footnotes":""},"categories":[46537],"tags":[48399,48478,52297,27517,2267,2473,13291,12608],"class_list":{"0":"post-400158","1":"post","2":"type-post","3":"status-publish","4":"format-standard","5":"has-post-thumbnail","7":"category-arab-brazilian-chamber","8":"tag-arab-2","9":"tag-arab-brazilian-chamber-of-commerce-2","10":"tag-diaspora-2","11":"tag-icarabe-en-2","12":"tag-immigration","13":"tag-memory","14":"tag-unifesp-en","15":"tag-usek-en"},"wps_subtitle":"Agreement sets that the university team will digitize and research documents for a project on the memory of Arab immigration in Brazil. A seminar discusses new perspectives on the Arab diaspora.","_links":{"self":[{"href":"https:\/\/anba.com.br\/en\/wp-json\/wp\/v2\/posts\/400158","targetHints":{"allow":["GET"]}}],"collection":[{"href":"https:\/\/anba.com.br\/en\/wp-json\/wp\/v2\/posts"}],"about":[{"href":"https:\/\/anba.com.br\/en\/wp-json\/wp\/v2\/types\/post"}],"author":[{"embeddable":true,"href":"https:\/\/anba.com.br\/en\/wp-json\/wp\/v2\/users\/2317"}],"replies":[{"embeddable":true,"href":"https:\/\/anba.com.br\/en\/wp-json\/wp\/v2\/comments?post=400158"}],"version-history":[{"count":0,"href":"https:\/\/anba.com.br\/en\/wp-json\/wp\/v2\/posts\/400158\/revisions"}],"wp:featuredmedia":[{"embeddable":true,"href":"https:\/\/anba.com.br\/en\/wp-json\/wp\/v2\/media\/400142"}],"wp:attachment":[{"href":"https:\/\/anba.com.br\/en\/wp-json\/wp\/v2\/media?parent=400158"}],"wp:term":[{"taxonomy":"category","embeddable":true,"href":"https:\/\/anba.com.br\/en\/wp-json\/wp\/v2\/categories?post=400158"},{"taxonomy":"post_tag","embeddable":true,"href":"https:\/\/anba.com.br\/en\/wp-json\/wp\/v2\/tags?post=400158"}],"curies":[{"name":"wp","href":"https:\/\/api.w.org\/{rel}","templated":true}]}}