{"id":41912,"date":"2012-07-01T07:00:00","date_gmt":"2012-07-01T09:00:00","guid":{"rendered":"https:\/\/escaesco.com.br\/lab\/anba\/chamber-turns-60-and-releases-book\/"},"modified":"2019-06-30T13:19:28","modified_gmt":"2019-06-30T16:19:28","slug":"chamber-turns-60-and-releases-book","status":"publish","type":"post","link":"https:\/\/anba.com.br\/en\/chamber-turns-60-and-releases-book\/","title":{"rendered":"Chamber turns 60 and releases book"},"content":{"rendered":"<p>S\u00e3o Paulo \u2013 The <b>Arab Brazilian Chamber of Commerce <\/b>is celebrating its 60th anniversary this Monday (2nd). To celebrate the date, the organization is preparing a book which tells its story and explains its role in commercial and cultural ties between Brazil and Arab countries. Written by the historian Silvia Antibas, <i>C\u00e2mara de Com\u00e9rcio \u00c1rabe Brasileira \u2013 60 anos <\/i>will be released in November.<\/p>\n<p> <!--%IMGNOT1%-->\u201cThe Chamber was born out of a spontaneous movement from Arab descendants; it was not established by any government. It was a spontaneous act by businessmen of Arab descent, aiming not only to promote trade, but also to be a bridge with the Arab countries in a country which welcomed them so well,\u201d says Antibas.<\/p>\n<p> To write the book, she interviewed former presidents, vice presidents, directors and employees, in addition to reviewing documents and minutes from meetings. The author also used a former book on the history of the Arab Chamber written by herself in 1998. \u201cThe Chamber has grown a lot in terms of activities, it has created a highly professionalized management with specialized departments,\u201d she writes. <\/p>\n<p> The organization was established in S\u00e3o Paulo in 1952 as Syrian-Lebanese-Brazilian Chamber of Commerce, and was also named Syrian Brazilian Chamber of Commerce, before it adopted its current name in 1975. Most of the Arab community in Brazil is originally from Lebanon and Syria.<\/p>\n<p> <!--%IMGNOT2%-->To Antibas, the history of the Chamber can be divided into two different periods: before and after the year 2000. \u201cBefore 2000, the Chamber played the very important role of being the only non-government source to provide information and issue figures on trade with Arab countries,\u201d she claims. \u201cAfter 2000, the information volume increased so that the Chamber\u2019s role turned to summing up the information to help people focus on their trades,\u201d she explains.<\/p>\n<p> Now, the author claims, in addition to fostering trade, the organization has new goals. \u201cThe Chamber has a stronger focus on culture now. It is backing more culture- and tourism-related activities, which I think is important. It is a matter of conveying an interesting image of the Arab peoples,\u201d she says.<\/p>\n<p> <!--%IMGNOT3%-->Political ties with the Arab countries have also grown over the last decades. \u201cThe Chamber took part in the establishing of closer ties with Arab countries through Brazilian foreign policy,\u201d she says. The administration of former president Luiz In\u00e1cio Lula da Silva, from 2003 to 2010, during which Brazilian exports to Arab countries went from US$ 2.76 billion to US$ 12.57 billion, a 355.5% increase, also marked a turning point in the organization\u2019s history. \u201cThe Chamber grew accordingly, not only in business volume, but also as a partner of the Brazilian government,\u201d she says.<\/p>\n<p> She highlights important activities throughout its history. \u201cBusiness missions were also important in the history of the Chamber. Early on, in the 1970s, these were much harder to organize, and yet the Chamber promoted them. Now, it is much easier,\u201d says Antibas.<\/p>\n<p> Communication is another area which gained importance within the organization. \u201cIn the past we did not have ANBA (the Brazil-Arab News Agency) and the Arab Brazilian Chamber TV. The Chamber focused on distributing important information and showing a positive image of the two sides, from Brazil to the Arabs and from the Arabs to Brazil,\u201d she says.<\/p>\n<p> <!--%IMGNOT4%-->Antibas cites two other important facts, one from the 1970s and the other from the 1990s. \u201cThe Chamber played a very important role in the 1973 oil crisis, when it helped the Brazilian government negotiate with the Iraqi government to help out with the crisis,\u201d she says. \u201cAnother relevant moment was when the Arab Brazilian Chamber joined the General Union of Arab Chambers of Commerce, Industry and Agriculture, in 1992,\u201d she says.<\/p>\n<p> <b>The author <\/b> <\/p>\n<p> The holder of a degree in History from the Pontifical Catholic University of S\u00e3o Paulo (PUC-SP), Silvia Antibas with a specialization in Museums from the University of Avignon, France, and worked as a director of the Museum Heritage Preservation Unit linked to the Secretariat for Culture of the State of S\u00e3o Paulo.<\/p>\n<p> Of Lebanese descent on her mother\u2019s side and Syrian on her father\u2019s, she took a special interest in the history of Arab immigration to Brazil, gave several lectures and exhibits on the matter, and specialized in researching the history of different Arab organizations in the country, such as the Mount Lebanon Club, the Syrian Sport Club, the Orthodox Women\u2019s League, and the Antioquia Society.<\/p>\n<p> <!--%IMGNOT5%-->Regarding her relations with the Arab Brazilian Chamber, she explains that her father, textile businessman Fatala Antibas, attended the organization\u2019s first meetings. She started writing her second book on the organization in November last year. \u201cThe book is important because it sums up the entire history,\u201d she says.<\/p>\n<p> The book, which is being proofread, will have approximately 180 pages and will be released in a trilingual edition: Portuguese, English, and Arabic. The print run will be 3,000 copies, which will be distributed to the Chamber\u2019s board of directors, embassies, consulates, and members of the Arab community.<\/p>\n<p> <b>Read below an excerpt from the publication, about recent facts: <\/b><\/p>\n<p> <i>In 2011, the Arab Brazilian Chamber had to adopt an energetic stance in order to address another acute phase of the world crisis. It posted positive figures, particularly if we consider that the challenges were overcome in a year in which the Brazilian currency appreciated strongly, and social protests erupted in some Arab nations, the so-called \u201cArab Spring.\u201d The economic crisis in the United States and Europe caused investors to increase their caution, as they sought alternatives to their expansion and new market strategies once again. The worsening of tension in the developed economies even further highlighted the importance of emerging markets, thus strengthening ties between Brazil and the Arab countries. <\/p>\n<p> <!--%IMGNOT6%-->Given these circumstances, the Arab Brazilian Chamber had to reinvent its strategies in order to keep the trade volume stable between the regions: it increased the number of talks, seminars and presentations in various Brazilian cities to showcase the region\u2019s sales potential, highlighted opportunities in other markets, and emphasized that in spite of political crises, commercial activity continued to grow. Promoting and attending events was also important, as was the continuation of meetings with heads of state, politicians and diplomats. In fact, the indicators reveal that the growth trend in flow of trade is sustained. The increased trade volume proved that both Arab governments and companies have identified the Brazilian economy as having great potential. In the last few years, the supply of Arab products and services has grown across countless segments, such as organic chemicals and fertilizers.<\/p>\n<p> Immediately after the inauguration of president Dilma Rousseff, Antonio Patriota, Brazil\u2019s minister of Foreign Relations, and Fernando Pimentel, the minister of Development, Industry and foreign Trade, visited the Arab Brazilian Chamber headquarters, clearly reaffirming the commitment to developing relations between Arabs and Brazilians. <\/i><\/p>\n<p> <b>Celebrations <\/b><\/p>\n<p> As part of its 60th anniversary celebrations, the Arab Brazilian Chamber released a commemorative Postal Service postmark and stamp, in a ceremony held at S\u00e3o Paulo\u2019s Legislative Assembly.<\/p>\n<p> In November, in addition to releasing the book, a commemorative dinner will be held for members of the Arab community in Brazil.<\/p>\n<p> <b>*Translated by Gabriel Pomerancblum<\/b><\/p>\n","protected":false},"excerpt":{"rendered":"<p>The Arab Brazilian Chamber is preparing a publication to celebrate its anniversary. The work recounts the organization\u2019s history and explains its role in relations between Brazil and Arab countries.<\/p>\n","protected":false},"author":2313,"featured_media":0,"comment_status":"closed","ping_status":"open","sticky":false,"template":"","format":"standard","meta":{"_monsterinsights_skip_tracking":false,"_monsterinsights_sitenote_active":false,"_monsterinsights_sitenote_note":"","_monsterinsights_sitenote_category":0,"footnotes":""},"categories":[91],"tags":[],"class_list":{"0":"post-41912","1":"post","2":"type-post","3":"status-publish","4":"format-standard","6":"category-economy"},"wps_subtitle":"The Arab Brazilian Chamber is preparing a publication to celebrate its anniversary. The work recounts the organization\u2019s history and explains its role in relations between Brazil and Arab countries.","_links":{"self":[{"href":"https:\/\/anba.com.br\/en\/wp-json\/wp\/v2\/posts\/41912","targetHints":{"allow":["GET"]}}],"collection":[{"href":"https:\/\/anba.com.br\/en\/wp-json\/wp\/v2\/posts"}],"about":[{"href":"https:\/\/anba.com.br\/en\/wp-json\/wp\/v2\/types\/post"}],"author":[{"embeddable":true,"href":"https:\/\/anba.com.br\/en\/wp-json\/wp\/v2\/users\/2313"}],"replies":[{"embeddable":true,"href":"https:\/\/anba.com.br\/en\/wp-json\/wp\/v2\/comments?post=41912"}],"version-history":[{"count":0,"href":"https:\/\/anba.com.br\/en\/wp-json\/wp\/v2\/posts\/41912\/revisions"}],"wp:attachment":[{"href":"https:\/\/anba.com.br\/en\/wp-json\/wp\/v2\/media?parent=41912"}],"wp:term":[{"taxonomy":"category","embeddable":true,"href":"https:\/\/anba.com.br\/en\/wp-json\/wp\/v2\/categories?post=41912"},{"taxonomy":"post_tag","embeddable":true,"href":"https:\/\/anba.com.br\/en\/wp-json\/wp\/v2\/tags?post=41912"}],"curies":[{"name":"wp","href":"https:\/\/api.w.org\/{rel}","templated":true}]}}