{"id":44172,"date":"2013-03-11T10:45:00","date_gmt":"2013-03-11T12:45:00","guid":{"rendered":"https:\/\/escaesco.com.br\/lab\/anba\/ribeirao-preto-to-have-talk-about-the-arab-world\/"},"modified":"2019-06-30T13:13:39","modified_gmt":"2019-06-30T16:13:39","slug":"ribeirao-preto-to-have-talk-about-the-arab-world","status":"publish","type":"post","link":"https:\/\/anba.com.br\/en\/ribeirao-preto-to-have-talk-about-the-arab-world\/","title":{"rendered":"Ribeir\u00e3o Preto to have talk about the Arab world"},"content":{"rendered":"<p>S\u00e3o Paulo \u2013 Business in the Arab world and the best ways to sell there are the theme of the talk to be given by <b>Arab Brazilian Chamber of Commerce<\/b> CEO Michel Alaby to businessmen in Ribeir\u00e3o Preto next Tuesday (12). The meeting will take place at the Ribeir\u00e3o Preto Trade and Industry Association (Acirp) in the city in the interior of S\u00e3o Paulo.<\/p>\n<p> In talk &quot;How to negotiate with the Arabs\u201d, Alaby should present the economic characteristics of the main importers and exporters of the Middle East and North Africa and provides clues as to how to negotiate with them.<\/p>\n<p> Alaby should also explain the part played by the Arab Brazilian Chamber in trade relations between Brazil and the 22 Arab nations and how it can help companies sell to the region.<\/p>\n<p> After the meeting with the local businessmen and with the board at Acirp, Alaby should complete an agenda of meetings in the city. He will meet with the mayor of Ribeir\u00e3o Preto, D\u00e1rcy Vera, before visiting dentistry equipment producer Gnatus, a company that already exports to the Arab nations. <\/p>\n<p> &quot;it is a chance to take the Arab Brazilian Chamber to a great agricultural machinery production centre and to make information about the Arab world available to local businessmen,\u201d said Alaby, remembering that the Ribeir\u00e3o Preto region is an important hub for production of sugar, an item that is prominent in the ranking of products exported by Brazil to the region.<\/p>\n<p> <b>*Translated by Mark Ament<\/b><\/p>\n","protected":false},"excerpt":{"rendered":"<p>The CEO at the Arab Brazilian Chamber should meet with businessmen in the city in the interior of S\u00e3o Paulo to present business opportunities in the Middle East and North Africa.<\/p>\n","protected":false},"author":2317,"featured_media":0,"comment_status":"closed","ping_status":"open","sticky":false,"template":"","format":"standard","meta":{"_monsterinsights_skip_tracking":false,"_monsterinsights_sitenote_active":false,"_monsterinsights_sitenote_note":"","_monsterinsights_sitenote_category":0,"footnotes":""},"categories":[91],"tags":[],"class_list":{"0":"post-44172","1":"post","2":"type-post","3":"status-publish","4":"format-standard","6":"category-economy"},"wps_subtitle":"The CEO at the Arab Brazilian Chamber should meet with businessmen in the city in the interior of S\u00e3o Paulo to present business opportunities in the Middle East and North Africa.","_links":{"self":[{"href":"https:\/\/anba.com.br\/en\/wp-json\/wp\/v2\/posts\/44172","targetHints":{"allow":["GET"]}}],"collection":[{"href":"https:\/\/anba.com.br\/en\/wp-json\/wp\/v2\/posts"}],"about":[{"href":"https:\/\/anba.com.br\/en\/wp-json\/wp\/v2\/types\/post"}],"author":[{"embeddable":true,"href":"https:\/\/anba.com.br\/en\/wp-json\/wp\/v2\/users\/2317"}],"replies":[{"embeddable":true,"href":"https:\/\/anba.com.br\/en\/wp-json\/wp\/v2\/comments?post=44172"}],"version-history":[{"count":0,"href":"https:\/\/anba.com.br\/en\/wp-json\/wp\/v2\/posts\/44172\/revisions"}],"wp:attachment":[{"href":"https:\/\/anba.com.br\/en\/wp-json\/wp\/v2\/media?parent=44172"}],"wp:term":[{"taxonomy":"category","embeddable":true,"href":"https:\/\/anba.com.br\/en\/wp-json\/wp\/v2\/categories?post=44172"},{"taxonomy":"post_tag","embeddable":true,"href":"https:\/\/anba.com.br\/en\/wp-json\/wp\/v2\/tags?post=44172"}],"curies":[{"name":"wp","href":"https:\/\/api.w.org\/{rel}","templated":true}]}}