{"id":48477,"date":"2014-07-22T07:00:00","date_gmt":"2014-07-22T09:00:00","guid":{"rendered":"https:\/\/escaesco.com.br\/lab\/anba\/lecture-to-discuss-latin-americas-relations-with-arabs\/"},"modified":"2019-06-30T13:05:46","modified_gmt":"2019-06-30T16:05:46","slug":"lecture-to-discuss-latin-americas-relations-with-arabs","status":"publish","type":"post","link":"https:\/\/anba.com.br\/en\/lecture-to-discuss-latin-americas-relations-with-arabs\/","title":{"rendered":"Lecture to discuss Latin America\u2019s relations with Arabs"},"content":{"rendered":"<p>S&atilde;o Paulo &ndash; This Tuesday evening (22nd) in S&atilde;o Paulo, the Syrian Arab Culture Centre is hosting a lecture on the relations between Latin America and the Arab countries. The speaker is Social Sciences doctorate holder Marcelo Buzetto, who is also a professor and coordinator of the Centre for Latin American Studies at Funda&ccedil;&atilde;o Santo Andr&eacute;.<\/p>\n<p>Buzetto will primarily discuss relations between the two regions in the 1990s and 2000s, a time when several Latin American countries were ruled by leftist or mid-leftist governments. He will explain how this was important in building democracy and diversifying the region&rsquo;s relations with the rest of the world. <\/p>\n<p>The professor notes that Latin America and the Arabs already share cultural identity ties that bind them together. &ldquo;The strengthening of South American and Latin American integration has ultimately helped make the region&rsquo;s relations more diverse,&rdquo; says Buzetto regarding the ties Latin America has built with the rest of the world over the past few years. <\/p>\n<p>He mentioned that in 2005, Brazil, which has assumed a major role on the international scenario, had the initiative of holding the Summit of South American-Arab Countries (Aspa), which has helped build and strengthen relations between Latin America and the Arabs. The Aspa summit was the idea of then-president Luiz In&aacute;cio Lula da Silva.<\/p>\n<p>However, according to Buzetto, these ties must transcend the institutional realm into other areas, such as non-government organizations, social and political organizations, universities and society itself. &ldquo;Academically and culturally speaking, our attention is turned to Europe and the United States rather than towards Arabs,&rdquo; says Buzetto, adding that the Arab world has great universities that Brazil could engage in exchange with. <\/p>\n<p>The professor believes that stronger ties among the Arab countries themselves would help on building closer ties between Arabs, the Latin America and Brazil, and forming a globally strong geopolitical group. According to him, Syria could play a relevant role in this respect, since it is closely connected with Russia which, like Brazil, is a member of the Brics (a bloc comprising Brazil, Russia, South Africa, China and India).<\/p>\n<p><strong>The speaker <\/strong><\/p>\n<p>Aside from his work at Funda&ccedil;&atilde;o Santo Andr&eacute;, Buzetto coordinates Projeto Solidariedade Internacional &ndash; Observat&oacute;rio de Conflitos (International Solidarity Project &ndash; Conflict Observatory) and is an assistant professor at the N&uacute;cleo de Forma&ccedil;&atilde;o Cidad&atilde; (Citizenship Centre) of the Methodist University of S&atilde;o Paulo and Florestan Fernandes National School. He is involved in several other social projects. He holds a master&rsquo;s degree and a doctorate in Scoial Sciences from the Pontifical Catholic University of S&atilde;o Paulo (PUC-SP).<\/p>\n<p><strong>Service: <\/strong><\/p>\n<p>Lecture &ldquo;As rela&ccedil;&otilde;es Am&eacute;rica Latina e &Aacute;rabes&rdquo; (in Portuguese)<br \/>Tuesday, July 22nd, 7 pm<br \/>At the Syrian-Arab Culture Centre, Rua dos Ingleses, 149 &ndash; Bela Vista &ndash; S&atilde;o Paulo<br \/>Open to the public and free of charge<br \/>Information: +55 (11) 3266-3441<\/p>\n<p><strong>*Translated by Gabriel Pomerancblum<\/strong><\/p>\n<div class=\"credits-overlay\" data-target=\".wp-image-183193\">Press Release<\/div>\n","protected":false},"excerpt":{"rendered":"<p>The coordinator of Funda\u00e7\u00e3o Santo Andr\u00e9\u2019s Latin American Studies Centre, Marcelo Buzetto, is speaking at the Syrian Arab Culture Centre this Tuesday evening. Admittance is free.<\/p>\n","protected":false},"author":1455,"featured_media":183193,"comment_status":"closed","ping_status":"open","sticky":false,"template":"","format":"standard","meta":{"_monsterinsights_skip_tracking":false,"_monsterinsights_sitenote_active":false,"_monsterinsights_sitenote_note":"","_monsterinsights_sitenote_category":0,"footnotes":""},"categories":[91],"tags":[],"class_list":{"0":"post-48477","1":"post","2":"type-post","3":"status-publish","4":"format-standard","5":"has-post-thumbnail","7":"category-economy"},"wps_subtitle":"The coordinator of Funda\u00e7\u00e3o Santo Andr\u00e9\u2019s Latin American Studies Centre, Marcelo Buzetto, is speaking at the Syrian Arab Culture Centre this Tuesday evening. Admittance is free.","_links":{"self":[{"href":"https:\/\/anba.com.br\/en\/wp-json\/wp\/v2\/posts\/48477","targetHints":{"allow":["GET"]}}],"collection":[{"href":"https:\/\/anba.com.br\/en\/wp-json\/wp\/v2\/posts"}],"about":[{"href":"https:\/\/anba.com.br\/en\/wp-json\/wp\/v2\/types\/post"}],"author":[{"embeddable":true,"href":"https:\/\/anba.com.br\/en\/wp-json\/wp\/v2\/users\/1455"}],"replies":[{"embeddable":true,"href":"https:\/\/anba.com.br\/en\/wp-json\/wp\/v2\/comments?post=48477"}],"version-history":[{"count":0,"href":"https:\/\/anba.com.br\/en\/wp-json\/wp\/v2\/posts\/48477\/revisions"}],"wp:featuredmedia":[{"embeddable":true,"href":"https:\/\/anba.com.br\/en\/wp-json\/wp\/v2\/media\/183193"}],"wp:attachment":[{"href":"https:\/\/anba.com.br\/en\/wp-json\/wp\/v2\/media?parent=48477"}],"wp:term":[{"taxonomy":"category","embeddable":true,"href":"https:\/\/anba.com.br\/en\/wp-json\/wp\/v2\/categories?post=48477"},{"taxonomy":"post_tag","embeddable":true,"href":"https:\/\/anba.com.br\/en\/wp-json\/wp\/v2\/tags?post=48477"}],"curies":[{"name":"wp","href":"https:\/\/api.w.org\/{rel}","templated":true}]}}